{"id":5209,"date":"2026-04-29T10:53:38","date_gmt":"2026-04-29T13:53:38","guid":{"rendered":"https:\/\/criminalisticamisiones.org\/?p=5209"},"modified":"2026-04-29T21:42:45","modified_gmt":"2026-04-30T00:42:45","slug":"posadas-sera-sede-del-1-encuentro-de-criminalistica-tecnologia-forense-2026","status":"publish","type":"post","link":"https:\/\/criminalisticamisiones.org\/index.php\/2026\/04\/29\/posadas-sera-sede-del-1-encuentro-de-criminalistica-tecnologia-forense-2026\/","title":{"rendered":"Posadas ser\u00e1 sede del 1\u00b0 Encuentro de Criminal\u00edstica &#038; Tecnolog\u00eda Forense 2026"},"content":{"rendered":"\t\t<div data-elementor-type=\"wp-post\" data-elementor-id=\"5209\" class=\"elementor elementor-5209\">\n\t\t\t\t\t\t\t<div class=\"elementor-element elementor-element-43307b86 e-flex e-con-boxed e-con e-parent\" data-id=\"43307b86\" data-element_type=\"container\" data-settings=\"{&quot;content_width&quot;:&quot;boxed&quot;}\" data-core-v316-plus=\"true\">\n\t\t\t\t\t<div class=\"e-con-inner\">\n\t\t\t\t<div class=\"elementor-element elementor-element-5db81b60 elementor-widget elementor-widget-heading\" data-id=\"5db81b60\" data-element_type=\"widget\" data-widget_type=\"heading.default\">\n\t\t\t\t<div class=\"elementor-widget-container\">\n\t\t\t<style>\/*! elementor - v3.16.0 - 13-09-2023 *\/\n.elementor-heading-title{padding:0;margin:0;line-height:1}.elementor-widget-heading .elementor-heading-title[class*=elementor-size-]>a{color:inherit;font-size:inherit;line-height:inherit}.elementor-widget-heading .elementor-heading-title.elementor-size-small{font-size:15px}.elementor-widget-heading .elementor-heading-title.elementor-size-medium{font-size:19px}.elementor-widget-heading .elementor-heading-title.elementor-size-large{font-size:29px}.elementor-widget-heading .elementor-heading-title.elementor-size-xl{font-size:39px}.elementor-widget-heading .elementor-heading-title.elementor-size-xxl{font-size:59px}<\/style><h2 class=\"elementor-heading-title elementor-size-default\">Tecnolog\u00eda, ciencia y justicia en un mismo encuentro<\/h2>\t\t<\/div>\n\t\t\t\t<\/div>\n\t\t\t\t\t<\/div>\n\t\t\t\t<\/div>\n\t\t<div class=\"elementor-element elementor-element-20991f78 e-flex e-con-boxed e-con e-parent\" data-id=\"20991f78\" data-element_type=\"container\" data-settings=\"{&quot;content_width&quot;:&quot;boxed&quot;}\" data-core-v316-plus=\"true\">\n\t\t\t\t\t<div class=\"e-con-inner\">\n\t\t\t\t<div class=\"elementor-element elementor-element-53bd0e48 elementor-widget__width-initial elementor-widget elementor-widget-text-editor\" data-id=\"53bd0e48\" data-element_type=\"widget\" data-widget_type=\"text-editor.default\">\n\t\t\t\t<div class=\"elementor-widget-container\">\n\t\t\t<style>\/*! elementor - v3.16.0 - 13-09-2023 *\/\n.elementor-widget-text-editor.elementor-drop-cap-view-stacked .elementor-drop-cap{background-color:#69727d;color:#fff}.elementor-widget-text-editor.elementor-drop-cap-view-framed .elementor-drop-cap{color:#69727d;border:3px solid;background-color:transparent}.elementor-widget-text-editor:not(.elementor-drop-cap-view-default) .elementor-drop-cap{margin-top:8px}.elementor-widget-text-editor:not(.elementor-drop-cap-view-default) .elementor-drop-cap-letter{width:1em;height:1em}.elementor-widget-text-editor .elementor-drop-cap{float:left;text-align:center;line-height:1;font-size:50px}.elementor-widget-text-editor .elementor-drop-cap-letter{display:inline-block}<\/style>\t\t\t\t<p data-start=\"630\" data-end=\"1008\">El viernes 15 de mayo de 2026, de 17:00 a 20:45 horas, se llevar\u00e1 adelante el <strong data-start=\"708\" data-end=\"768\">1\u00b0 Encuentro de Criminal\u00edstica &amp; Tecnolog\u00eda Forense 2026<\/strong>, un espacio acad\u00e9mico e institucional dedicado a la actualizaci\u00f3n profesional en <strong data-start=\"850\" data-end=\"899\">inteligencia artificial, drones y Visual Desk.<\/strong><\/p>\n<p data-start=\"1010\" data-end=\"1219\">La actividad se realizar\u00e1 en el <strong data-start=\"1042\" data-end=\"1077\">Colegio de Abogados de Misiones<\/strong>, ubicado en <strong data-start=\"1090\" data-end=\"1116\">Santa Fe 1562, Posadas<\/strong>, y contar\u00e1 con inscripci\u00f3n a trav\u00e9s de la web oficial del Colegio de criminalistica de la provincia.<\/p>\n<p data-start=\"1221\" data-end=\"1720\">Pero este no es un evento m\u00e1s. Representa un hito para la provincia por m\u00faltiples razones: es el <strong data-start=\"1318\" data-end=\"1369\">primer encuentro de tecnolog\u00eda y criminal\u00edstica<\/strong> de estas caracter\u00edsticas en Misiones; coincide con el <strong data-start=\"1424\" data-end=\"1462\">lanzamiento oficial de Visual Desk<\/strong>, el <b>primer software forense desarrollado en la provincia<\/b>; y expresa el valor del trabajo conjunto entre instituciones profesionales que comprenden que la justicia, la prueba cient\u00edfica y la labor t\u00e9cnica requieren cooperaci\u00f3n, innovaci\u00f3n y visi\u00f3n de futuro.<\/p>\t\t\t\t\t\t<\/div>\n\t\t\t\t<\/div>\n\t\t\t\t\t<\/div>\n\t\t\t\t<\/div>\n\t\t<div class=\"elementor-element elementor-element-1f0263e4 e-flex e-con-boxed e-con e-parent\" data-id=\"1f0263e4\" data-element_type=\"container\" data-settings=\"{&quot;content_width&quot;:&quot;boxed&quot;}\" data-core-v316-plus=\"true\">\n\t\t\t\t\t<div class=\"e-con-inner\">\n\t\t<div class=\"elementor-element elementor-element-23e8c899 e-con-full e-flex e-con e-child\" data-id=\"23e8c899\" data-element_type=\"container\" data-settings=\"{&quot;content_width&quot;:&quot;full&quot;}\">\n\t\t\t\t<div class=\"elementor-element elementor-element-fc70df7 elementor-widget elementor-widget-heading\" data-id=\"fc70df7\" data-element_type=\"widget\" data-widget_type=\"heading.default\">\n\t\t\t\t<div class=\"elementor-widget-container\">\n\t\t\t<h4 class=\"elementor-heading-title elementor-size-default\">Un evento que marca una bisagra institucional<\/h4>\t\t<\/div>\n\t\t\t\t<\/div>\n\t\t\t\t<div class=\"elementor-element elementor-element-7fd4a379 elementor-widget elementor-widget-text-editor\" data-id=\"7fd4a379\" data-element_type=\"widget\" data-widget_type=\"text-editor.default\">\n\t\t\t\t<div class=\"elementor-widget-container\">\n\t\t\t\t\t\t\t<p data-start=\"1778\" data-end=\"1985\">El encuentro es posible gracias al trabajo colaborativo entre el <strong data-start=\"1843\" data-end=\"1927\">Colegio de Profesionales en Ciencias Criminal\u00edsticas de la Provincia de Misiones<\/strong> y el <strong data-start=\"1933\" data-end=\"1984\">Colegio de Abogados de la Provincia de Misiones<\/strong>.<\/p>\n<p data-start=\"1987\" data-end=\"2344\">En este sentido, resulta necesario destacar el acompa\u00f1amiento institucional del <b>Dr. <\/b><span data-subtree=\"aimfl,mfl\" data-processed=\"true\"><b>Antonio L\u00f3pez Forastier <\/b>actual presidente del <b>Colegio de Abogados de la Provincia de Misiones (CADEMIS)<\/b><\/span>\u00a0y del <span data-start=\"2169\" data-end=\"2204\"><b>Lic. Rub\u00e9n Rodr\u00edguez dos Santos<\/b><\/span>, presidente del Colegio de Criminalistas de la provincia, quienes vienen consolidando un camino de di\u00e1logo y cooperaci\u00f3n orientado a fortalecer el ejercicio profesional en sus respectivas esferas.<\/p>\n<p data-start=\"5762\" data-end=\"5952\">Este encuentro convoca especialmente a<strong data-start=\"5801\" data-end=\"5951\">\u00a0profesionales de la criminal\u00edstica, abogados,\u00a0<\/strong><strong data-start=\"5801\" data-end=\"5951\">peritos,\u00a0<\/strong><strong data-start=\"5801\" data-end=\"5951\">funcionarios judiciales, docentes, investigadores y estudiantes avanzados<\/strong>.<\/p>\n<p data-start=\"5954\" data-end=\"6327\">Participar de estos espacios forma parte del ejercicio responsable de la actualizaci\u00f3n continua. La incorporaci\u00f3n de inteligencia artificial, drones, software especializado y sistemas de an\u00e1lisis visual exige formaci\u00f3n, criterio t\u00e9cnico y comprensi\u00f3n jur\u00eddica de sus alcances.<\/p>\t\t\t\t\t\t<\/div>\n\t\t\t\t<\/div>\n\t\t\t\t<div class=\"elementor-element elementor-element-9486837 elementor-align-center elementor-widget elementor-widget-button\" data-id=\"9486837\" data-element_type=\"widget\" data-widget_type=\"button.default\">\n\t\t\t\t<div class=\"elementor-widget-container\">\n\t\t\t\t\t<div class=\"elementor-button-wrapper\">\n\t\t\t<a class=\"elementor-button elementor-button-link elementor-size-md\" href=\"https:\/\/criminalisticamisiones.org\/index.php\/eventos-colegio\/\">\n\t\t\t\t\t\t<span class=\"elementor-button-content-wrapper\">\n\t\t\t\t\t\t<span class=\"elementor-button-text\">Inscribite Aqu\u00ed<\/span>\n\t\t<\/span>\n\t\t\t\t\t<\/a>\n\t\t<\/div>\n\t\t\t\t<\/div>\n\t\t\t\t<\/div>\n\t\t\t\t<div class=\"elementor-element elementor-element-7e82c616 elementor-widget__width-initial elementor-widget elementor-widget-text-editor\" data-id=\"7e82c616\" data-element_type=\"widget\" data-widget_type=\"text-editor.default\">\n\t\t\t\t<div class=\"elementor-widget-container\">\n\t\t\t\t\t\t\t<p data-start=\"6877\" data-end=\"7153\">Desde el Colegio de Profesionales en Ciencias Criminal\u00edsticas de la Provincia de Misiones, invitamos a la comunidad profesional a participar, acompa\u00f1ar y compartir esta convocatoria. Los cupos son limitados y la inscripci\u00f3n se realizar\u00e1 a trav\u00e9s de la web oficial del Colegio.<\/p>\n<p data-start=\"7155\" data-end=\"7260\"><strong data-start=\"7155\" data-end=\"7260\">Cuando la ciencia, la tecnolog\u00eda y las instituciones trabajan juntas, la Criminal\u00edstica se fortalece.<\/strong><\/p>\t\t\t\t\t\t<\/div>\n\t\t\t\t<\/div>\n\t\t\t\t<\/div>\n\t\t<div class=\"elementor-element elementor-element-663621ac e-con-full e-flex e-con e-child\" data-id=\"663621ac\" data-element_type=\"container\" data-settings=\"{&quot;content_width&quot;:&quot;full&quot;}\">\n\t\t\t\t<div class=\"elementor-element elementor-element-37ef4508 elementor-widget elementor-widget-image\" data-id=\"37ef4508\" data-element_type=\"widget\" data-widget_type=\"image.default\">\n\t\t\t\t<div class=\"elementor-widget-container\">\n\t\t\t<style>\/*! elementor - v3.16.0 - 13-09-2023 *\/\n.elementor-widget-image{text-align:center}.elementor-widget-image a{display:inline-block}.elementor-widget-image a img[src$=\".svg\"]{width:48px}.elementor-widget-image img{vertical-align:middle;display:inline-block}<\/style>\t\t\t\t\t\t\t\t\t\t\t\t<img decoding=\"async\" loading=\"lazy\" width=\"1024\" height=\"1024\" src=\"https:\/\/criminalisticamisiones.org\/wp-content\/uploads\/2026\/04\/Post-Evento-1024x1024.png\" class=\"attachment-large size-large wp-image-5151\" alt=\"\" srcset=\"https:\/\/criminalisticamisiones.org\/wp-content\/uploads\/2026\/04\/Post-Evento-1024x1024.png 1024w, https:\/\/criminalisticamisiones.org\/wp-content\/uploads\/2026\/04\/Post-Evento-300x300.png 300w, https:\/\/criminalisticamisiones.org\/wp-content\/uploads\/2026\/04\/Post-Evento-150x150.png 150w, https:\/\/criminalisticamisiones.org\/wp-content\/uploads\/2026\/04\/Post-Evento-768x768.png 768w, https:\/\/criminalisticamisiones.org\/wp-content\/uploads\/2026\/04\/Post-Evento.png 1080w\" sizes=\"(max-width: 1024px) 100vw, 1024px\" \/>\t\t\t\t\t\t\t\t\t\t\t\t\t\t\t<\/div>\n\t\t\t\t<\/div>\n\t\t\t\t<div class=\"elementor-element elementor-element-2b87a4e0 elementor-widget elementor-widget-image\" data-id=\"2b87a4e0\" data-element_type=\"widget\" data-widget_type=\"image.default\">\n\t\t\t\t<div class=\"elementor-widget-container\">\n\t\t\t\t\t\t\t\t\t\t\t\t\t\t\t<img decoding=\"async\" loading=\"lazy\" width=\"531\" height=\"1024\" src=\"https:\/\/criminalisticamisiones.org\/wp-content\/uploads\/2026\/04\/WhatsApp-Image-2026-04-29-at-13.44.19-531x1024.jpeg\" class=\"attachment-large size-large wp-image-5292\" alt=\"\" srcset=\"https:\/\/criminalisticamisiones.org\/wp-content\/uploads\/2026\/04\/WhatsApp-Image-2026-04-29-at-13.44.19-531x1024.jpeg 531w, https:\/\/criminalisticamisiones.org\/wp-content\/uploads\/2026\/04\/WhatsApp-Image-2026-04-29-at-13.44.19-155x300.jpeg 155w, https:\/\/criminalisticamisiones.org\/wp-content\/uploads\/2026\/04\/WhatsApp-Image-2026-04-29-at-13.44.19-768x1482.jpeg 768w, https:\/\/criminalisticamisiones.org\/wp-content\/uploads\/2026\/04\/WhatsApp-Image-2026-04-29-at-13.44.19-796x1536.jpeg 796w, https:\/\/criminalisticamisiones.org\/wp-content\/uploads\/2026\/04\/WhatsApp-Image-2026-04-29-at-13.44.19-560x1080.jpeg 560w, https:\/\/criminalisticamisiones.org\/wp-content\/uploads\/2026\/04\/WhatsApp-Image-2026-04-29-at-13.44.19.jpeg 828w\" sizes=\"(max-width: 531px) 100vw, 531px\" \/>\t\t\t\t\t\t\t\t\t\t\t\t\t\t\t<\/div>\n\t\t\t\t<\/div>\n\t\t\t\t<\/div>\n\t\t\t\t\t<\/div>\n\t\t\t\t<\/div>\n\t\t<div class=\"elementor-element elementor-element-4710936 e-flex e-con-boxed e-con e-parent\" data-id=\"4710936\" data-element_type=\"container\" data-settings=\"{&quot;content_width&quot;:&quot;boxed&quot;}\" data-core-v316-plus=\"true\">\n\t\t\t\t\t<div class=\"e-con-inner\">\n\t\t\t\t\t<\/div>\n\t\t\t\t<\/div>\n\t\t<div class=\"elementor-element elementor-element-758959fc e-flex e-con-boxed e-con e-parent\" data-id=\"758959fc\" data-element_type=\"container\" data-settings=\"{&quot;content_width&quot;:&quot;boxed&quot;}\" data-core-v316-plus=\"true\">\n\t\t\t\t\t<div class=\"e-con-inner\">\n\t\t\t\t<div class=\"elementor-element elementor-element-4207648 elementor-posts--align-left elementor-grid-3 elementor-grid-tablet-2 elementor-grid-mobile-1 elementor-posts--thumbnail-top elementor-card-shadow-yes elementor-posts__hover-gradient elementor-widget elementor-widget-posts\" data-id=\"4207648\" data-element_type=\"widget\" data-settings=\"{&quot;cards_row_gap&quot;:{&quot;unit&quot;:&quot;px&quot;,&quot;size&quot;:0,&quot;sizes&quot;:[]},&quot;cards_columns&quot;:&quot;3&quot;,&quot;cards_columns_tablet&quot;:&quot;2&quot;,&quot;cards_columns_mobile&quot;:&quot;1&quot;,&quot;cards_row_gap_tablet&quot;:{&quot;unit&quot;:&quot;px&quot;,&quot;size&quot;:&quot;&quot;,&quot;sizes&quot;:[]},&quot;cards_row_gap_mobile&quot;:{&quot;unit&quot;:&quot;px&quot;,&quot;size&quot;:&quot;&quot;,&quot;sizes&quot;:[]}}\" data-widget_type=\"posts.cards\">\n\t\t\t\t<div class=\"elementor-widget-container\">\n\t\t\t<link rel=\"stylesheet\" href=\"https:\/\/criminalisticamisiones.org\/wp-content\/plugins\/elementor-pro_3_7_2\/assets\/css\/widget-posts.min.css\">\t\t<div class=\"elementor-posts-container elementor-posts elementor-posts--skin-cards elementor-grid\">\n\t\t\t\t<article class=\"elementor-post elementor-grid-item post-5130 post type-post status-publish format-standard has-post-thumbnail hentry category-ejercicio-profesional category-noticias\">\n\t\t\t<div class=\"elementor-post__card\">\n\t\t\t\t<a class=\"elementor-post__thumbnail__link\" href=\"https:\/\/criminalisticamisiones.org\/index.php\/2026\/04\/16\/avanza-la-actualizacion-normativa-para-la-criminalistica-en-misiones\/\" ><div class=\"elementor-post__thumbnail\"><img loading=\"lazy\" width=\"300\" height=\"225\" src=\"https:\/\/criminalisticamisiones.org\/wp-content\/uploads\/2026\/04\/WhatsApp-Image-2026-04-16-at-09.21.39-300x225.jpeg\" class=\"attachment-medium size-medium wp-image-5131\" alt=\"\" decoding=\"async\" srcset=\"https:\/\/criminalisticamisiones.org\/wp-content\/uploads\/2026\/04\/WhatsApp-Image-2026-04-16-at-09.21.39-300x225.jpeg 300w, https:\/\/criminalisticamisiones.org\/wp-content\/uploads\/2026\/04\/WhatsApp-Image-2026-04-16-at-09.21.39-1024x768.jpeg 1024w, https:\/\/criminalisticamisiones.org\/wp-content\/uploads\/2026\/04\/WhatsApp-Image-2026-04-16-at-09.21.39-768x576.jpeg 768w, https:\/\/criminalisticamisiones.org\/wp-content\/uploads\/2026\/04\/WhatsApp-Image-2026-04-16-at-09.21.39-1536x1152.jpeg 1536w, https:\/\/criminalisticamisiones.org\/wp-content\/uploads\/2026\/04\/WhatsApp-Image-2026-04-16-at-09.21.39-1440x1080.jpeg 1440w, https:\/\/criminalisticamisiones.org\/wp-content\/uploads\/2026\/04\/WhatsApp-Image-2026-04-16-at-09.21.39.jpeg 1600w\" sizes=\"(max-width: 300px) 100vw, 300px\" \/><\/div><\/a>\n\t\t\t\t<div class=\"elementor-post__badge\">Ejercicio Profesional<\/div>\n\t\t\t\t<div class=\"elementor-post__text\">\n\t\t\t\t<h3 class=\"elementor-post__title\">\n\t\t\t<a href=\"https:\/\/criminalisticamisiones.org\/index.php\/2026\/04\/16\/avanza-la-actualizacion-normativa-para-la-criminalistica-en-misiones\/\" >\n\t\t\t\tAvanza la actualizaci\u00f3n normativa para la Criminal\u00edstica en Misiones\t\t\t<\/a>\n\t\t<\/h3>\n\t\t\n\t\t<a class=\"elementor-post__read-more\" href=\"https:\/\/criminalisticamisiones.org\/index.php\/2026\/04\/16\/avanza-la-actualizacion-normativa-para-la-criminalistica-en-misiones\/\" >\n\t\t\tLeer M\u00e1s \u00bb\t\t<\/a>\n\n\t\t\t\t<\/div>\n\t\t\t\t<div class=\"elementor-post__meta-data\">\n\t\t\t\t\t<span class=\"elementor-post-date\">\n\t\t\t16 abril, 2026\t\t<\/span>\n\t\t\t\t<\/div>\n\t\t\t\t\t<\/div>\n\t\t<\/article>\n\t\t\t\t<article class=\"elementor-post elementor-grid-item post-5054 post type-post status-publish format-standard has-post-thumbnail hentry category-ejercicio-profesional category-noticias\">\n\t\t\t<div class=\"elementor-post__card\">\n\t\t\t\t<a class=\"elementor-post__thumbnail__link\" href=\"https:\/\/criminalisticamisiones.org\/index.php\/2026\/02\/10\/nuevo-criterio-oficial-para-anticipos-periciales\/\" ><div class=\"elementor-post__thumbnail\"><img loading=\"lazy\" width=\"300\" height=\"225\" src=\"https:\/\/criminalisticamisiones.org\/wp-content\/uploads\/2026\/02\/PHOTO-2025-12-19-20-36-58-2-300x225.jpg\" class=\"attachment-medium size-medium wp-image-5067\" alt=\"\" decoding=\"async\" srcset=\"https:\/\/criminalisticamisiones.org\/wp-content\/uploads\/2026\/02\/PHOTO-2025-12-19-20-36-58-2-300x225.jpg 300w, https:\/\/criminalisticamisiones.org\/wp-content\/uploads\/2026\/02\/PHOTO-2025-12-19-20-36-58-2-1024x768.jpg 1024w, https:\/\/criminalisticamisiones.org\/wp-content\/uploads\/2026\/02\/PHOTO-2025-12-19-20-36-58-2-768x576.jpg 768w, https:\/\/criminalisticamisiones.org\/wp-content\/uploads\/2026\/02\/PHOTO-2025-12-19-20-36-58-2.jpg 1040w\" sizes=\"(max-width: 300px) 100vw, 300px\" \/><\/div><\/a>\n\t\t\t\t<div class=\"elementor-post__badge\">Ejercicio Profesional<\/div>\n\t\t\t\t<div class=\"elementor-post__text\">\n\t\t\t\t<h3 class=\"elementor-post__title\">\n\t\t\t<a href=\"https:\/\/criminalisticamisiones.org\/index.php\/2026\/02\/10\/nuevo-criterio-oficial-para-anticipos-periciales\/\" >\n\t\t\t\tNuevo criterio oficial para anticipos periciales\t\t\t<\/a>\n\t\t<\/h3>\n\t\t\n\t\t<a class=\"elementor-post__read-more\" href=\"https:\/\/criminalisticamisiones.org\/index.php\/2026\/02\/10\/nuevo-criterio-oficial-para-anticipos-periciales\/\" >\n\t\t\tLeer M\u00e1s \u00bb\t\t<\/a>\n\n\t\t\t\t<\/div>\n\t\t\t\t<div class=\"elementor-post__meta-data\">\n\t\t\t\t\t<span class=\"elementor-post-date\">\n\t\t\t10 febrero, 2026\t\t<\/span>\n\t\t\t\t<\/div>\n\t\t\t\t\t<\/div>\n\t\t<\/article>\n\t\t\t\t<\/div>\n\n\n\t\t\n\t\t\t\t<\/div>\n\t\t\t\t<\/div>\n\t\t\t\t\t<\/div>\n\t\t\t\t<\/div>\n\t\t\t\t\t\t\t<\/div>\n\t\t\n    <div class=\"xs_social_share_widget xs_share_url after_content \t\tmain_content  wslu-style-1 wslu-share-box-shaped wslu-fill-colored wslu-none wslu-share-horizontal wslu-theme-font-no wslu-main_content\">\n\n\t\t\n        <ul>\n\t\t\t        <\/ul>\n    <\/div> \n","protected":false},"excerpt":{"rendered":"<p>Tecnolog\u00eda, ciencia y justicia en un mismo encuentro El viernes 15 de mayo de 2026, de 17:00 a 20:45 horas, se llevar\u00e1 adelante el 1\u00b0<\/p>\n","protected":false},"author":1,"featured_media":5235,"comment_status":"closed","ping_status":"closed","sticky":false,"template":"","format":"standard","meta":{"footnotes":"","_jetpack_memberships_contains_paid_content":false,"_joinchat":[]},"categories":[15,1,6],"tags":[],"aioseo_notices":[],"jetpack_sharing_enabled":true,"jetpack_featured_media_url":"https:\/\/criminalisticamisiones.org\/wp-content\/uploads\/2026\/04\/WhatsApp-Image-2026-04-29-at-11.01.28.jpeg","_links":{"self":[{"href":"https:\/\/criminalisticamisiones.org\/index.php\/wp-json\/wp\/v2\/posts\/5209"}],"collection":[{"href":"https:\/\/criminalisticamisiones.org\/index.php\/wp-json\/wp\/v2\/posts"}],"about":[{"href":"https:\/\/criminalisticamisiones.org\/index.php\/wp-json\/wp\/v2\/types\/post"}],"author":[{"embeddable":true,"href":"https:\/\/criminalisticamisiones.org\/index.php\/wp-json\/wp\/v2\/users\/1"}],"replies":[{"embeddable":true,"href":"https:\/\/criminalisticamisiones.org\/index.php\/wp-json\/wp\/v2\/comments?post=5209"}],"version-history":[{"count":52,"href":"https:\/\/criminalisticamisiones.org\/index.php\/wp-json\/wp\/v2\/posts\/5209\/revisions"}],"predecessor-version":[{"id":5311,"href":"https:\/\/criminalisticamisiones.org\/index.php\/wp-json\/wp\/v2\/posts\/5209\/revisions\/5311"}],"wp:featuredmedia":[{"embeddable":true,"href":"https:\/\/criminalisticamisiones.org\/index.php\/wp-json\/wp\/v2\/media\/5235"}],"wp:attachment":[{"href":"https:\/\/criminalisticamisiones.org\/index.php\/wp-json\/wp\/v2\/media?parent=5209"}],"wp:term":[{"taxonomy":"category","embeddable":true,"href":"https:\/\/criminalisticamisiones.org\/index.php\/wp-json\/wp\/v2\/categories?post=5209"},{"taxonomy":"post_tag","embeddable":true,"href":"https:\/\/criminalisticamisiones.org\/index.php\/wp-json\/wp\/v2\/tags?post=5209"}],"curies":[{"name":"wp","href":"https:\/\/api.w.org\/{rel}","templated":true}]}}