{"id":5130,"date":"2026-04-16T09:42:28","date_gmt":"2026-04-16T12:42:28","guid":{"rendered":"https:\/\/criminalisticamisiones.org\/?p=5130"},"modified":"2026-04-16T11:53:18","modified_gmt":"2026-04-16T14:53:18","slug":"avanza-la-actualizacion-normativa-para-la-criminalistica-en-misiones","status":"publish","type":"post","link":"https:\/\/criminalisticamisiones.org\/index.php\/2026\/04\/16\/avanza-la-actualizacion-normativa-para-la-criminalistica-en-misiones\/","title":{"rendered":"Avanza la actualizaci\u00f3n normativa para la Criminal\u00edstica en Misiones"},"content":{"rendered":"\t\t<div data-elementor-type=\"wp-post\" data-elementor-id=\"5130\" class=\"elementor elementor-5130\">\n\t\t\t\t\t\t\t<div class=\"elementor-element elementor-element-fc4280d e-flex e-con-boxed e-con e-parent\" data-id=\"fc4280d\" data-element_type=\"container\" data-settings=\"{&quot;content_width&quot;:&quot;boxed&quot;}\" data-core-v316-plus=\"true\">\n\t\t\t\t\t<div class=\"e-con-inner\">\n\t\t\t\t<div class=\"elementor-element elementor-element-4566370 elementor-widget elementor-widget-heading\" data-id=\"4566370\" data-element_type=\"widget\" data-widget_type=\"heading.default\">\n\t\t\t\t<div class=\"elementor-widget-container\">\n\t\t\t<style>\/*! elementor - v3.16.0 - 13-09-2023 *\/\n.elementor-heading-title{padding:0;margin:0;line-height:1}.elementor-widget-heading .elementor-heading-title[class*=elementor-size-]>a{color:inherit;font-size:inherit;line-height:inherit}.elementor-widget-heading .elementor-heading-title.elementor-size-small{font-size:15px}.elementor-widget-heading .elementor-heading-title.elementor-size-medium{font-size:19px}.elementor-widget-heading .elementor-heading-title.elementor-size-large{font-size:29px}.elementor-widget-heading .elementor-heading-title.elementor-size-xl{font-size:39px}.elementor-widget-heading .elementor-heading-title.elementor-size-xxl{font-size:59px}<\/style><h2 class=\"elementor-heading-title elementor-size-default\">Reuni\u00f3n institucional en la C\u00e1mara de Diputados para dar continuidad al proyecto de modificaci\u00f3n de la Ley I N\u00b0 75<\/h2>\t\t<\/div>\n\t\t\t\t<\/div>\n\t\t\t\t\t<\/div>\n\t\t\t\t<\/div>\n\t\t<div class=\"elementor-element elementor-element-3e67a07e e-flex e-con-boxed e-con e-parent\" data-id=\"3e67a07e\" data-element_type=\"container\" data-settings=\"{&quot;content_width&quot;:&quot;boxed&quot;}\" data-core-v316-plus=\"true\">\n\t\t\t\t\t<div class=\"e-con-inner\">\n\t\t\t\t<div class=\"elementor-element elementor-element-7d0a7ae9 elementor-widget__width-initial elementor-widget elementor-widget-text-editor\" data-id=\"7d0a7ae9\" data-element_type=\"widget\" data-widget_type=\"text-editor.default\">\n\t\t\t\t<div class=\"elementor-widget-container\">\n\t\t\t<style>\/*! elementor - v3.16.0 - 13-09-2023 *\/\n.elementor-widget-text-editor.elementor-drop-cap-view-stacked .elementor-drop-cap{background-color:#69727d;color:#fff}.elementor-widget-text-editor.elementor-drop-cap-view-framed .elementor-drop-cap{color:#69727d;border:3px solid;background-color:transparent}.elementor-widget-text-editor:not(.elementor-drop-cap-view-default) .elementor-drop-cap{margin-top:8px}.elementor-widget-text-editor:not(.elementor-drop-cap-view-default) .elementor-drop-cap-letter{width:1em;height:1em}.elementor-widget-text-editor .elementor-drop-cap{float:left;text-align:center;line-height:1;font-size:50px}.elementor-widget-text-editor .elementor-drop-cap-letter{display:inline-block}<\/style>\t\t\t\t<p data-start=\"610\" data-end=\"1026\">En fecha <strong data-start=\"619\" data-end=\"642\">15 de abril de 2026<\/strong>, la <strong data-start=\"647\" data-end=\"744\">Comisi\u00f3n Directiva del Colegio profesional <\/strong>representada por el Lic. Ruben Rodriguez Do Santos mantuvo una reuni\u00f3n institucional en la <strong data-start=\"785\" data-end=\"808\">C\u00e1mara de Diputados<\/strong>, junto a la diputada <strong data-start=\"830\" data-end=\"848\">Alicia Zalesak<\/strong> y su asesor, el <strong data-start=\"865\" data-end=\"889\">Dr. Guillermo Garc\u00eda<\/strong>, con el objeto de dar continuidad al impulso del proyecto de ley de modificaci\u00f3n de los art\u00edculos <strong data-start=\"988\" data-end=\"1025\">36, 37, 38 y 39 de la Ley I N\u00b0 75<\/strong>.<\/p>\n<p data-start=\"1028\" data-end=\"1514\">La referida iniciativa constituye el resultado de un trabajo sostenido que esta instituci\u00f3n viene desarrollando desde el a\u00f1o <strong data-start=\"1153\" data-end=\"1161\">2018<\/strong>, y que fue formalmente presentada ante la <strong data-start=\"1204\" data-end=\"1232\">C\u00e1mara de Representantes<\/strong> el d\u00eda <strong data-start=\"1240\" data-end=\"1263\">25 de junio de 2019<\/strong>, a trav\u00e9s de Mesa de Entradas. En tal sentido, la reuni\u00f3n celebrada representa una instancia relevante dentro del proceso de seguimiento legislativo de una propuesta que reviste especial importancia para el conjunto de los profesionales matriculados.<\/p>\t\t\t\t\t\t<\/div>\n\t\t\t\t<\/div>\n\t\t\t\t\t<\/div>\n\t\t\t\t<\/div>\n\t\t<div class=\"elementor-element elementor-element-7c7b16bf e-flex e-con-boxed e-con e-parent\" data-id=\"7c7b16bf\" data-element_type=\"container\" data-settings=\"{&quot;content_width&quot;:&quot;boxed&quot;}\" data-core-v316-plus=\"true\">\n\t\t\t\t\t<div class=\"e-con-inner\">\n\t\t<div class=\"elementor-element elementor-element-76a50f21 e-con-full e-flex e-con e-child\" data-id=\"76a50f21\" data-element_type=\"container\" data-settings=\"{&quot;content_width&quot;:&quot;full&quot;}\">\n\t\t\t\t<div class=\"elementor-element elementor-element-27901498 elementor-widget elementor-widget-text-editor\" data-id=\"27901498\" data-element_type=\"widget\" data-widget_type=\"text-editor.default\">\n\t\t\t\t<div class=\"elementor-widget-container\">\n\t\t\t\t\t\t\t<p data-start=\"3050\" data-end=\"3594\">La reuni\u00f3n mantenida con la diputada Alicia Zalizak y el Dr. Guillermo Garc\u00eda permiti\u00f3 reafirmar la necesidad de continuar avanzando en el tratamiento de una propuesta legislativa que posee antecedentes concretos y una clara fundamentaci\u00f3n institucional. La modificaci\u00f3n de los art\u00edculos 36, 37, 38 y 39 de la Ley I N\u00b0 75 se vincula directamente con aspectos sensibles para el ejercicio profesional, particularmente en lo que concierne al reconocimiento econ\u00f3mico y funcional de la labor desarrollada por los profesionales de la Criminal\u00edstica.<\/p>\t\t\t\t\t\t<\/div>\n\t\t\t\t<\/div>\n\t\t\t\t<\/div>\n\t\t<div class=\"elementor-element elementor-element-428a69b2 e-con-full e-flex e-con e-child\" data-id=\"428a69b2\" data-element_type=\"container\" data-settings=\"{&quot;content_width&quot;:&quot;full&quot;}\">\n\t\t\t\t<div class=\"elementor-element elementor-element-1dfb6bae elementor-widget elementor-widget-image\" data-id=\"1dfb6bae\" data-element_type=\"widget\" data-widget_type=\"image.default\">\n\t\t\t\t<div class=\"elementor-widget-container\">\n\t\t\t<style>\/*! elementor - v3.16.0 - 13-09-2023 *\/\n.elementor-widget-image{text-align:center}.elementor-widget-image a{display:inline-block}.elementor-widget-image a img[src$=\".svg\"]{width:48px}.elementor-widget-image img{vertical-align:middle;display:inline-block}<\/style>\t\t\t\t\t\t\t\t\t\t\t\t<img decoding=\"async\" loading=\"lazy\" width=\"1024\" height=\"768\" src=\"https:\/\/criminalisticamisiones.org\/wp-content\/uploads\/2026\/04\/WhatsApp-Image-2026-04-16-at-09.21.39-1024x768.jpeg\" class=\"attachment-large size-large wp-image-5131\" alt=\"\" srcset=\"https:\/\/criminalisticamisiones.org\/wp-content\/uploads\/2026\/04\/WhatsApp-Image-2026-04-16-at-09.21.39-1024x768.jpeg 1024w, https:\/\/criminalisticamisiones.org\/wp-content\/uploads\/2026\/04\/WhatsApp-Image-2026-04-16-at-09.21.39-300x225.jpeg 300w, https:\/\/criminalisticamisiones.org\/wp-content\/uploads\/2026\/04\/WhatsApp-Image-2026-04-16-at-09.21.39-768x576.jpeg 768w, https:\/\/criminalisticamisiones.org\/wp-content\/uploads\/2026\/04\/WhatsApp-Image-2026-04-16-at-09.21.39-1536x1152.jpeg 1536w, https:\/\/criminalisticamisiones.org\/wp-content\/uploads\/2026\/04\/WhatsApp-Image-2026-04-16-at-09.21.39-1440x1080.jpeg 1440w, https:\/\/criminalisticamisiones.org\/wp-content\/uploads\/2026\/04\/WhatsApp-Image-2026-04-16-at-09.21.39.jpeg 1600w\" sizes=\"(max-width: 1024px) 100vw, 1024px\" \/>\t\t\t\t\t\t\t\t\t\t\t\t\t\t\t<\/div>\n\t\t\t\t<\/div>\n\t\t\t\t<\/div>\n\t\t\t\t\t<\/div>\n\t\t\t\t<\/div>\n\t\t<div class=\"elementor-element elementor-element-22e384f5 e-flex e-con-boxed e-con e-parent\" data-id=\"22e384f5\" data-element_type=\"container\" data-settings=\"{&quot;content_width&quot;:&quot;boxed&quot;}\" data-core-v316-plus=\"true\">\n\t\t\t\t\t<div class=\"e-con-inner\">\n\t\t\t\t<div class=\"elementor-element elementor-element-7c5f0af7 elementor-widget__width-initial elementor-widget elementor-widget-text-editor\" data-id=\"7c5f0af7\" data-element_type=\"widget\" data-widget_type=\"text-editor.default\">\n\t\t\t\t<div class=\"elementor-widget-container\">\n\t\t\t\t\t\t\t<p data-start=\"3050\" data-end=\"3594\">En este contexto, la Comisi\u00f3n Directiva reitera su firme determinaci\u00f3n de continuar impulsando todas aquellas acciones que resulten conducentes al fortalecimiento y la jerarquizaci\u00f3n de la profesi\u00f3n. La defensa de los intereses leg\u00edtimos de la matr\u00edcula constituye una responsabilidad institucional indelegable y, en tal sentido, cada instancia de gesti\u00f3n representa una expresi\u00f3n concreta del trabajo sostenido que este Colegio lleva adelante en representaci\u00f3n de sus matriculados.<\/p>\t\t\t\t\t\t<\/div>\n\t\t\t\t<\/div>\n\t\t\t\t\t<\/div>\n\t\t\t\t<\/div>\n\t\t<div class=\"elementor-element elementor-element-a093da9 e-flex e-con-boxed e-con e-parent\" data-id=\"a093da9\" data-element_type=\"container\" data-settings=\"{&quot;content_width&quot;:&quot;boxed&quot;}\" data-core-v316-plus=\"true\">\n\t\t\t\t\t<div class=\"e-con-inner\">\n\t\t\t\t<div class=\"elementor-element elementor-element-cec54ea elementor-posts--align-left elementor-grid-3 elementor-grid-tablet-2 elementor-grid-mobile-1 elementor-posts--thumbnail-top elementor-card-shadow-yes elementor-posts__hover-gradient elementor-widget elementor-widget-posts\" data-id=\"cec54ea\" data-element_type=\"widget\" data-settings=\"{&quot;cards_row_gap&quot;:{&quot;unit&quot;:&quot;px&quot;,&quot;size&quot;:0,&quot;sizes&quot;:[]},&quot;cards_columns&quot;:&quot;3&quot;,&quot;cards_columns_tablet&quot;:&quot;2&quot;,&quot;cards_columns_mobile&quot;:&quot;1&quot;,&quot;cards_row_gap_tablet&quot;:{&quot;unit&quot;:&quot;px&quot;,&quot;size&quot;:&quot;&quot;,&quot;sizes&quot;:[]},&quot;cards_row_gap_mobile&quot;:{&quot;unit&quot;:&quot;px&quot;,&quot;size&quot;:&quot;&quot;,&quot;sizes&quot;:[]}}\" data-widget_type=\"posts.cards\">\n\t\t\t\t<div class=\"elementor-widget-container\">\n\t\t\t<link rel=\"stylesheet\" href=\"https:\/\/criminalisticamisiones.org\/wp-content\/plugins\/elementor-pro_3_7_2\/assets\/css\/widget-posts.min.css\">\t\t<div class=\"elementor-posts-container elementor-posts elementor-posts--skin-cards elementor-grid\">\n\t\t\t\t<article class=\"elementor-post elementor-grid-item post-5130 post type-post status-publish format-standard has-post-thumbnail hentry category-ejercicio-profesional category-noticias\">\n\t\t\t<div class=\"elementor-post__card\">\n\t\t\t\t<a class=\"elementor-post__thumbnail__link\" href=\"https:\/\/criminalisticamisiones.org\/index.php\/2026\/04\/16\/avanza-la-actualizacion-normativa-para-la-criminalistica-en-misiones\/\" ><div class=\"elementor-post__thumbnail\"><img loading=\"lazy\" width=\"300\" height=\"225\" src=\"https:\/\/criminalisticamisiones.org\/wp-content\/uploads\/2026\/04\/WhatsApp-Image-2026-04-16-at-09.21.39-300x225.jpeg\" class=\"attachment-medium size-medium wp-image-5131\" alt=\"\" decoding=\"async\" srcset=\"https:\/\/criminalisticamisiones.org\/wp-content\/uploads\/2026\/04\/WhatsApp-Image-2026-04-16-at-09.21.39-300x225.jpeg 300w, https:\/\/criminalisticamisiones.org\/wp-content\/uploads\/2026\/04\/WhatsApp-Image-2026-04-16-at-09.21.39-1024x768.jpeg 1024w, https:\/\/criminalisticamisiones.org\/wp-content\/uploads\/2026\/04\/WhatsApp-Image-2026-04-16-at-09.21.39-768x576.jpeg 768w, https:\/\/criminalisticamisiones.org\/wp-content\/uploads\/2026\/04\/WhatsApp-Image-2026-04-16-at-09.21.39-1536x1152.jpeg 1536w, https:\/\/criminalisticamisiones.org\/wp-content\/uploads\/2026\/04\/WhatsApp-Image-2026-04-16-at-09.21.39-1440x1080.jpeg 1440w, https:\/\/criminalisticamisiones.org\/wp-content\/uploads\/2026\/04\/WhatsApp-Image-2026-04-16-at-09.21.39.jpeg 1600w\" sizes=\"(max-width: 300px) 100vw, 300px\" \/><\/div><\/a>\n\t\t\t\t<div class=\"elementor-post__badge\">Ejercicio Profesional<\/div>\n\t\t\t\t<div class=\"elementor-post__text\">\n\t\t\t\t<h3 class=\"elementor-post__title\">\n\t\t\t<a href=\"https:\/\/criminalisticamisiones.org\/index.php\/2026\/04\/16\/avanza-la-actualizacion-normativa-para-la-criminalistica-en-misiones\/\" >\n\t\t\t\tAvanza la actualizaci\u00f3n normativa para la Criminal\u00edstica en Misiones\t\t\t<\/a>\n\t\t<\/h3>\n\t\t\n\t\t<a class=\"elementor-post__read-more\" href=\"https:\/\/criminalisticamisiones.org\/index.php\/2026\/04\/16\/avanza-la-actualizacion-normativa-para-la-criminalistica-en-misiones\/\" >\n\t\t\tLeer M\u00e1s \u00bb\t\t<\/a>\n\n\t\t\t\t<\/div>\n\t\t\t\t<div class=\"elementor-post__meta-data\">\n\t\t\t\t\t<span class=\"elementor-post-date\">\n\t\t\t16 abril, 2026\t\t<\/span>\n\t\t\t\t<\/div>\n\t\t\t\t\t<\/div>\n\t\t<\/article>\n\t\t\t\t<article class=\"elementor-post elementor-grid-item post-5054 post type-post status-publish format-standard has-post-thumbnail hentry category-ejercicio-profesional category-noticias\">\n\t\t\t<div class=\"elementor-post__card\">\n\t\t\t\t<a class=\"elementor-post__thumbnail__link\" href=\"https:\/\/criminalisticamisiones.org\/index.php\/2026\/02\/10\/nuevo-criterio-oficial-para-anticipos-periciales\/\" ><div class=\"elementor-post__thumbnail\"><img loading=\"lazy\" width=\"300\" height=\"225\" src=\"https:\/\/criminalisticamisiones.org\/wp-content\/uploads\/2026\/02\/PHOTO-2025-12-19-20-36-58-2-300x225.jpg\" class=\"attachment-medium size-medium wp-image-5067\" alt=\"\" decoding=\"async\" srcset=\"https:\/\/criminalisticamisiones.org\/wp-content\/uploads\/2026\/02\/PHOTO-2025-12-19-20-36-58-2-300x225.jpg 300w, https:\/\/criminalisticamisiones.org\/wp-content\/uploads\/2026\/02\/PHOTO-2025-12-19-20-36-58-2-1024x768.jpg 1024w, https:\/\/criminalisticamisiones.org\/wp-content\/uploads\/2026\/02\/PHOTO-2025-12-19-20-36-58-2-768x576.jpg 768w, https:\/\/criminalisticamisiones.org\/wp-content\/uploads\/2026\/02\/PHOTO-2025-12-19-20-36-58-2.jpg 1040w\" sizes=\"(max-width: 300px) 100vw, 300px\" \/><\/div><\/a>\n\t\t\t\t<div class=\"elementor-post__badge\">Ejercicio Profesional<\/div>\n\t\t\t\t<div class=\"elementor-post__text\">\n\t\t\t\t<h3 class=\"elementor-post__title\">\n\t\t\t<a href=\"https:\/\/criminalisticamisiones.org\/index.php\/2026\/02\/10\/nuevo-criterio-oficial-para-anticipos-periciales\/\" >\n\t\t\t\tNuevo criterio oficial para anticipos periciales\t\t\t<\/a>\n\t\t<\/h3>\n\t\t\n\t\t<a class=\"elementor-post__read-more\" href=\"https:\/\/criminalisticamisiones.org\/index.php\/2026\/02\/10\/nuevo-criterio-oficial-para-anticipos-periciales\/\" >\n\t\t\tLeer M\u00e1s \u00bb\t\t<\/a>\n\n\t\t\t\t<\/div>\n\t\t\t\t<div class=\"elementor-post__meta-data\">\n\t\t\t\t\t<span class=\"elementor-post-date\">\n\t\t\t10 febrero, 2026\t\t<\/span>\n\t\t\t\t<\/div>\n\t\t\t\t\t<\/div>\n\t\t<\/article>\n\t\t\t\t<\/div>\n\n\n\t\t\n\t\t\t\t<\/div>\n\t\t\t\t<\/div>\n\t\t\t\t\t<\/div>\n\t\t\t\t<\/div>\n\t\t\t\t\t\t\t<\/div>\n\t\t\n    <div class=\"xs_social_share_widget xs_share_url after_content \t\tmain_content  wslu-style-1 wslu-share-box-shaped wslu-fill-colored wslu-none wslu-share-horizontal wslu-theme-font-no wslu-main_content\">\n\n\t\t\n        <ul>\n\t\t\t        <\/ul>\n    <\/div> \n","protected":false},"excerpt":{"rendered":"<p>Reuni\u00f3n institucional en la C\u00e1mara de Diputados para dar continuidad al proyecto de modificaci\u00f3n de la Ley I N\u00b0 75 En fecha 15 de abril<\/p>\n","protected":false},"author":1,"featured_media":5131,"comment_status":"closed","ping_status":"closed","sticky":false,"template":"","format":"standard","meta":{"footnotes":"","_jetpack_memberships_contains_paid_content":false,"_joinchat":[]},"categories":[4,1],"tags":[],"aioseo_notices":[],"jetpack_sharing_enabled":true,"jetpack_featured_media_url":"https:\/\/criminalisticamisiones.org\/wp-content\/uploads\/2026\/04\/WhatsApp-Image-2026-04-16-at-09.21.39.jpeg","_links":{"self":[{"href":"https:\/\/criminalisticamisiones.org\/index.php\/wp-json\/wp\/v2\/posts\/5130"}],"collection":[{"href":"https:\/\/criminalisticamisiones.org\/index.php\/wp-json\/wp\/v2\/posts"}],"about":[{"href":"https:\/\/criminalisticamisiones.org\/index.php\/wp-json\/wp\/v2\/types\/post"}],"author":[{"embeddable":true,"href":"https:\/\/criminalisticamisiones.org\/index.php\/wp-json\/wp\/v2\/users\/1"}],"replies":[{"embeddable":true,"href":"https:\/\/criminalisticamisiones.org\/index.php\/wp-json\/wp\/v2\/comments?post=5130"}],"version-history":[{"count":16,"href":"https:\/\/criminalisticamisiones.org\/index.php\/wp-json\/wp\/v2\/posts\/5130\/revisions"}],"predecessor-version":[{"id":5149,"href":"https:\/\/criminalisticamisiones.org\/index.php\/wp-json\/wp\/v2\/posts\/5130\/revisions\/5149"}],"wp:featuredmedia":[{"embeddable":true,"href":"https:\/\/criminalisticamisiones.org\/index.php\/wp-json\/wp\/v2\/media\/5131"}],"wp:attachment":[{"href":"https:\/\/criminalisticamisiones.org\/index.php\/wp-json\/wp\/v2\/media?parent=5130"}],"wp:term":[{"taxonomy":"category","embeddable":true,"href":"https:\/\/criminalisticamisiones.org\/index.php\/wp-json\/wp\/v2\/categories?post=5130"},{"taxonomy":"post_tag","embeddable":true,"href":"https:\/\/criminalisticamisiones.org\/index.php\/wp-json\/wp\/v2\/tags?post=5130"}],"curies":[{"name":"wp","href":"https:\/\/api.w.org\/{rel}","templated":true}]}}